{"id":4254,"date":"2025-09-07T00:00:00","date_gmt":"2025-09-06T22:00:00","guid":{"rendered":"https:\/\/www.misionjapon.es\/index.php\/2025\/08\/17\/vida-total-corazon-completo\/"},"modified":"2025-08-17T08:56:44","modified_gmt":"2025-08-17T06:56:44","slug":"vida-total-corazon-completo","status":"publish","type":"post","link":"https:\/\/www.misionjapon.es\/index.php\/2025\/09\/07\/vida-total-corazon-completo\/","title":{"rendered":"Vida total, coraz\u00f3n completo"},"content":{"rendered":"<p>VIDA TOTAL, CORAZ\u00d3N COMPLETO<\/p>\n<p>Comentario al Evangelio del 2025-09-07<\/p>\n<p>XXIII Domingo del Tiempo Ordinario (C)<\/p>\n<p>\u00bfSabes? A veces vivimos como si pudi\u00e9ramos compartimentalizar nuestra vida, como en un bento box japon\u00e9s donde cada experiencia est\u00e1 en su casillito separado. Pero Jes\u00fas nos desaf\u00eda hoy con una propuesta radical: \u00c9l no quiere solo un peque\u00f1o compartimento de nuestro coraz\u00f3n, sino todo nuestro ser.<\/p>\n<p>La imagen que nos presenta es como un camino de entrega total, similar al concepto zen de &#8216;ikigai&#8217;, ese prop\u00f3sito que da sentido completo a la existencia. Seguir a Jes\u00fas no es un hobby o una actividad ocasional, sino una transformaci\u00f3n profunda que atraviesa cada aspecto de nuestra vida.<\/p>\n<p>Cuando habla de renunciar, no busca quitarnos algo, sino regalarnos algo m\u00e1s grande. Es como cuando un artesano japon\u00e9s dedica su vida entera a perfeccionar un arte, dejando ir lo secundario para concentrarse en lo esencial.<\/p>\n<p>La invitaci\u00f3n es clara: vivir con Dios no es un compromiso a medias. Es una decisi\u00f3n de entrega total, donde \u00c9l se convierte en el centro que da sentido y direcci\u00f3n a todo lo dem\u00e1s.<\/p>\n<p>\u00bfTe animas hoy a hacer un peque\u00f1o acto de entrega? Puede ser tan simple como dedicarle unos minutos de tu d\u00eda y preguntarle: &#8216;\u00bfQu\u00e9 quieres de m\u00ed hoy?&#8217;<\/p>\n","protected":false},"excerpt":{"rendered":"<p>VIDA TOTAL, CORAZ\u00d3N COMPLETO Comentario al Evangelio del 2025-09-07 XXIII  [&#8230;]<\/p>\n","protected":false},"author":1,"featured_media":4253,"comment_status":"open","ping_status":"open","sticky":false,"template":"","format":"standard","meta":{"_acf_changed":false,"_jetpack_memberships_contains_paid_content":false,"footnotes":"","jetpack_publicize_message":"","jetpack_publicize_feature_enabled":true,"jetpack_social_post_already_shared":true,"jetpack_social_options":{"image_generator_settings":{"template":"highway","default_image_id":0,"font":"","enabled":false},"version":2}},"categories":[299],"tags":[],"class_list":["post-4254","post","type-post","status-publish","format-standard","has-post-thumbnail","hentry","category-reflexion-diaria"],"acf":[],"jetpack_publicize_connections":[],"jetpack_featured_media_url":"https:\/\/www.misionjapon.es\/wp-content\/uploads\/2025\/08\/2025-09-07_reflectionImage.png","jetpack_sharing_enabled":true,"_links":{"self":[{"href":"https:\/\/www.misionjapon.es\/index.php\/wp-json\/wp\/v2\/posts\/4254","targetHints":{"allow":["GET"]}}],"collection":[{"href":"https:\/\/www.misionjapon.es\/index.php\/wp-json\/wp\/v2\/posts"}],"about":[{"href":"https:\/\/www.misionjapon.es\/index.php\/wp-json\/wp\/v2\/types\/post"}],"author":[{"embeddable":true,"href":"https:\/\/www.misionjapon.es\/index.php\/wp-json\/wp\/v2\/users\/1"}],"replies":[{"embeddable":true,"href":"https:\/\/www.misionjapon.es\/index.php\/wp-json\/wp\/v2\/comments?post=4254"}],"version-history":[{"count":1,"href":"https:\/\/www.misionjapon.es\/index.php\/wp-json\/wp\/v2\/posts\/4254\/revisions"}],"predecessor-version":[{"id":4255,"href":"https:\/\/www.misionjapon.es\/index.php\/wp-json\/wp\/v2\/posts\/4254\/revisions\/4255"}],"wp:featuredmedia":[{"embeddable":true,"href":"https:\/\/www.misionjapon.es\/index.php\/wp-json\/wp\/v2\/media\/4253"}],"wp:attachment":[{"href":"https:\/\/www.misionjapon.es\/index.php\/wp-json\/wp\/v2\/media?parent=4254"}],"wp:term":[{"taxonomy":"category","embeddable":true,"href":"https:\/\/www.misionjapon.es\/index.php\/wp-json\/wp\/v2\/categories?post=4254"},{"taxonomy":"post_tag","embeddable":true,"href":"https:\/\/www.misionjapon.es\/index.php\/wp-json\/wp\/v2\/tags?post=4254"}],"curies":[{"name":"wp","href":"https:\/\/api.w.org\/{rel}","templated":true}]}}