{"id":433,"date":"2023-06-11T08:00:00","date_gmt":"2023-06-11T06:00:00","guid":{"rendered":"https:\/\/www.misionjapon.es\/?p=433"},"modified":"2023-06-11T01:03:40","modified_gmt":"2023-06-10T23:03:40","slug":"25-aniversario-de-mi-graduacion-en-el-colegio","status":"publish","type":"post","link":"https:\/\/www.misionjapon.es\/index.php\/2023\/06\/11\/25-aniversario-de-mi-graduacion-en-el-colegio\/","title":{"rendered":"25 Aniversario de mi graduaci\u00f3n en el colegio"},"content":{"rendered":"\n<p>Queridos misioneros.<\/p>\n\n\n\n<p><strong>\u00a1Queda tan solo una semana para marchar a Jap\u00f3n!<\/strong><\/p>\n\n\n\n<p>La Providencia me hizo ayer, s\u00e1bado, un regalo muy especial justo antes de marcharme. Tengo el coraz\u00f3n profundamente agradecido por lo que pude vivir en Valencia, la ciudad donde pas\u00e9 17 a\u00f1os de mi vida. All\u00ed llegu\u00e9 con seis a\u00f1os y estudi\u00e9 todo el colegio y casi toda la carrera de ingenier\u00eda.<\/p>\n\n\n\n<p>Hace un par de meses recib\u00ed una llamada de tel\u00e9fono dici\u00e9ndome que el colegio El Armelar, donde yo estudi\u00e9, quer\u00eda convocarnos a los alumnos de mi promoci\u00f3n para <strong>celebrar juntos el 25 aniversario de nuestra graduaci\u00f3n<\/strong>. \u00a1Y qu\u00e9 alegr\u00eda cuando me dijeron que justo ser\u00eda una semana antes de marcharme para Jap\u00f3n! Por eso comentaba al principio que ha sido un regalo de la Providencia, ya que he podido participar casi por los pelos.<\/p>\n\n\n\n<div class=\"wp-block-jetpack-slideshow aligncenter\" data-autoplay=\"true\" data-delay=\"3\" data-effect=\"slide\"><div class=\"wp-block-jetpack-slideshow_container swiper-container\"><ul class=\"wp-block-jetpack-slideshow_swiper-wrapper swiper-wrapper\"><li class=\"wp-block-jetpack-slideshow_slide swiper-slide\"><figure><img decoding=\"async\" alt=\"\" class=\"lazyload wp-block-jetpack-slideshow_image wp-image-441\" data-id=\"441\" src=\"data:image\/gif;base64,R0lGODlhAQABAAAAACH5BAEKAAEALAAAAAABAAEAAAICTAEAOw==\" data-orig-src=\"https:\/\/www.misionjapon.es\/wp-content\/uploads\/2023\/06\/armelar08.jpeg\"\/><\/figure><\/li><li class=\"wp-block-jetpack-slideshow_slide swiper-slide\"><figure><img decoding=\"async\" alt=\"\" class=\"lazyload wp-block-jetpack-slideshow_image wp-image-440\" data-id=\"440\" src=\"data:image\/gif;base64,R0lGODlhAQABAAAAACH5BAEKAAEALAAAAAABAAEAAAICTAEAOw==\" data-orig-src=\"https:\/\/www.misionjapon.es\/wp-content\/uploads\/2023\/06\/armelar07.jpeg\"\/><\/figure><\/li><li class=\"wp-block-jetpack-slideshow_slide swiper-slide\"><figure><img decoding=\"async\" alt=\"\" class=\"lazyload wp-block-jetpack-slideshow_image wp-image-439\" data-id=\"439\" src=\"data:image\/gif;base64,R0lGODlhAQABAAAAACH5BAEKAAEALAAAAAABAAEAAAICTAEAOw==\" data-orig-src=\"https:\/\/www.misionjapon.es\/wp-content\/uploads\/2023\/06\/armelar06.jpeg\"\/><\/figure><\/li><li class=\"wp-block-jetpack-slideshow_slide swiper-slide\"><figure><img decoding=\"async\" alt=\"\" class=\"lazyload wp-block-jetpack-slideshow_image wp-image-438\" data-id=\"438\" src=\"data:image\/gif;base64,R0lGODlhAQABAAAAACH5BAEKAAEALAAAAAABAAEAAAICTAEAOw==\" data-orig-src=\"https:\/\/www.misionjapon.es\/wp-content\/uploads\/2023\/06\/armelar05.jpeg\"\/><\/figure><\/li><li class=\"wp-block-jetpack-slideshow_slide swiper-slide\"><figure><img decoding=\"async\" alt=\"\" class=\"lazyload wp-block-jetpack-slideshow_image wp-image-437\" data-id=\"437\" src=\"data:image\/gif;base64,R0lGODlhAQABAAAAACH5BAEKAAEALAAAAAABAAEAAAICTAEAOw==\" data-orig-src=\"https:\/\/www.misionjapon.es\/wp-content\/uploads\/2023\/06\/armelar04.jpeg\"\/><\/figure><\/li><\/ul><a class=\"wp-block-jetpack-slideshow_button-prev swiper-button-prev swiper-button-white\" role=\"button\"><\/a><a class=\"wp-block-jetpack-slideshow_button-next swiper-button-next swiper-button-white\" role=\"button\"><\/a><a aria-label=\"Pause Slideshow\" class=\"wp-block-jetpack-slideshow_button-pause\" role=\"button\"><\/a><div class=\"wp-block-jetpack-slideshow_pagination swiper-pagination swiper-pagination-white\"><\/div><\/div><\/div>\n\n\n\n<p>Y adem\u00e1s, tuve tambi\u00e9n <strong>el regalo de poder presidir la eucarist\u00eda como sacerdote junto a mis compa\u00f1eros y a los profesores del colegio<\/strong>. Y compartirlo tambi\u00e9n con mi compa\u00f1ero de promoci\u00f3n Javier Bail\u00e9n que ingres\u00f3 en la Compa\u00f1\u00eda de Jes\u00fas, ahora es di\u00e1cono y marchar\u00e1 en breve a Boston para proseguir su formaci\u00f3n en el camino hacia el sacerdocio.<\/p>\n\n\n<div class=\"wp-block-image\">\n<figure class=\"aligncenter size-full is-resized\"><img decoding=\"async\" src=\"data:image\/svg+xml,%3Csvg%20xmlns%3D%27http%3A%2F%2Fwww.w3.org%2F2000%2Fsvg%27%20width%3D%27234%27%20height%3D%27234%27%20viewBox%3D%270%200%20234%20234%27%3E%3Crect%20width%3D%27234%27%20height%3D%27234%27%20fill-opacity%3D%220%22%2F%3E%3C%2Fsvg%3E\" data-orig-src=\"https:\/\/www.misionjapon.es\/wp-content\/uploads\/2023\/06\/armelar02.jpeg\" alt=\"\" class=\"lazyload wp-image-435\" width=\"234\" height=\"234\"\/><figcaption class=\"wp-element-caption\"><strong><em>Javier Bail\u00e9n y yo<\/em><\/strong><\/figcaption><\/figure><\/div>\n\n\n<p>Quisiera compartir con vosotros algunas de las cosas que rec\u00e9 y le dije a mis compa\u00f1eros y a mis profesores.<\/p>\n\n\n\n<blockquote class=\"wp-block-quote is-layout-flow wp-block-quote-is-layout-flow\">\n<p>Seg\u00fan el Instituto Nacional de Estad\u00edstica, la esperanza de vida media de una persona espa\u00f1ola ahora es de 84 a\u00f1os. Si lo dividimos entre dos obtenemos la estupenda cifra de 42 a\u00f1os. \u00a1Y esa es justo nuestra edad! Eso quiere decir que&#8230; quiz\u00e1&#8230; hemos recorrido la mitad de esta vida terrena que Dios ha tenido a bien regalarnos.<br>Suele hablarse en ocasiones de \u00abLa crisis de los 40\u00bb. Y quiz\u00e1, en lo que al alma se refiere, estas crisis tienen que ver con planteamientos inadecuados con respecto a lo vivido, a lo que ahora vivimos y a lo que viviremos.<br>\u00a1Qu\u00e9 importante es poder decir con 42 a\u00f1os que mi vida tiene sentido!<br>\u00a1Qu\u00e9 importante es poder echar la mirada atr\u00e1s y poder decir que ha merecido la pena vivir la vida desde nuestra concepci\u00f3n!<br>\u00a1Qu\u00e9 importante es poder mirar hacia el horizonte del futuro y poder afirmar que merece la pena vivir lo que nos espera hasta nuestra muerte natural!<\/p>\n<\/blockquote>\n\n\n\n<figure class=\"wp-block-image size-large\"><img decoding=\"async\" src=\"data:image\/gif;base64,R0lGODlhAQABAAAAACH5BAEKAAEALAAAAAABAAEAAAICTAEAOw==\" data-orig-src=\"https:\/\/www.misionjapon.es\/wp-content\/uploads\/2023\/06\/PHOTO-2023-06-11-00-11-15-edited.jpg\" alt=\"\" class=\"lazyload wp-image-448\"\/><\/figure>\n\n\n\n<blockquote class=\"wp-block-quote is-layout-flow wp-block-quote-is-layout-flow\">\n<p>Cuando comenc\u00e9 la carrera de filosof\u00eda, el profesor de una asignatura que se llamaba metaf\u00edsica nos dijo algo que he guardado en mi memoria y mi coraz\u00f3n. \u00c9l dijo que hay cosas en la vida que por mucho que uno las agradezca, nunca las agradecer\u00e1 lo suficiente, aunque no por ello dejar\u00e1 de agradecerlas. Y puso dos ejemplos. El primero es que nunca agradeceremos lo suficiente a nuestros padres el habernos dado la vida. Y el segundo es que nunca agradeceremos lo suficiente a nuestros profesores todo lo recibido de ellos&#8230; pero no por ello dejamos de agradec\u00e9rselo.<br>Aqu\u00ed nos encontramos con una clave fundamental para afrontar con madurez el momento que nos toca vivir. Se trata de la acci\u00f3n de gracias. Por eso eleg\u00ed estas lecturas y por eso repetimos en el salmo: \u00abQuid retribuam Domino, pro omnibus quae retribuit mihi?\u00bb (\u00bfC\u00f3mo podr\u00e9 agradecer al Se\u00f1or todo el bien que me ha hecho?) Y esto no hubiera sido posible sin la ayuda de los Magistri latinis Ana y Luis.<br>\u00a1Qu\u00e9 importante es, desde nuestro coraz\u00f3n maduro, saber reconocer y agradecer el bien que recibimos en el colegio El Armelar de nuestros profesores! Seguramente no seamos ni conscientes ni capaces de valorar todo lo que recibimos, pero s\u00ed somos capaces de agradecerlo.<\/p>\n<\/blockquote>\n\n\n\n<figure class=\"wp-block-image size-full\"><img decoding=\"async\" src=\"data:image\/gif;base64,R0lGODlhAQABAAAAACH5BAEKAAEALAAAAAABAAEAAAICTAEAOw==\" data-orig-src=\"https:\/\/www.misionjapon.es\/wp-content\/uploads\/2023\/06\/armelar03-edited.jpeg\" alt=\"\" class=\"lazyload wp-image-447\"\/><\/figure>\n\n\n\n<blockquote class=\"wp-block-quote is-layout-flow wp-block-quote-is-layout-flow\">\n<p>La educaci\u00f3n que recibimos aqu\u00ed, en el colegio, apuntaba hacia un m\u00e1s all\u00e1 que encuentra respuesta en Dios. Tambi\u00e9n aqu\u00ed intentaron que fu\u00e9semos como el leproso curado y agradecido (<em>el Evangelio le\u00eddo era el de la curaci\u00f3n de los diez leprosos<\/em>).<br>Y por eso yo quisiera hacer mi acci\u00f3n de gracias personal a Dios en voz alta:<br>\u00abTe doy gracias Jes\u00fas por este d\u00eda especial que nos regalas en este lugar tan especial para nuestras vidas. Muchas gracias por todos los profesores que fuiste poniendo en nuestro camino y por todo lo que recibimos de ellos. Y gracias Jes\u00fas por todos los compa\u00f1eros que me regalaste, yo no eleg\u00ed a ninguno de ellos pero los reconozco como un regalo tuyo.<br>Aqu\u00ed aprend\u00ed a hacer amigos y tu Palabra nos ense\u00f1a que quien tiene un amigo tiene un tesoro. As\u00ed que te doy muchas gracias Jes\u00fas por tantos amigos que me regalaste. Te pido perd\u00f3n porque quiz\u00e1 no supe cuidarlos como debiera, pero en la amistad hay algo de eternidad que estoy seguro que disfrutar\u00e9 en la vida eterna.<br>Y te doy gracias por el tesoro de la fe que me regalaste desde ni\u00f1o. Aunque tambi\u00e9n te pido perd\u00f3n por los momentos de mi vida en que pude dejarla de lado. Te agradezco la ayuda que este sentido recib\u00ed del colegio. Aqu\u00ed recib\u00ed el Sacramento de la Confirmaci\u00f3n, aqu\u00ed en esta capilla celebr\u00e9 la misa siendo ni\u00f1o con el padre Pepe y el padre Salvador. Y te agradezco el don inmerecido del sacerdocio que me hiciste hace nueve a\u00f1os. Reconozco que en este don hay una parte que se la debo a todo lo vivido aqu\u00ed.<br>Gracias Se\u00f1or por los nueve a\u00f1os de ministerio sacerdotal en Madrid y muchas gracias Se\u00f1or por el inesperado y nuevo regalo que me haces a partir del pr\u00f3ximo domingo, cuando marchar\u00e9 como misionero, sin billete de vuelta, a anunciar Tu Nombre a Jap\u00f3n.<br>\u00a1Gracias Jes\u00fas!<strong>\u00bb<\/strong><br>El agradecimiento a Dios es un camino de salvaci\u00f3n, de vida eterna. Por eso os propongo ahora que hagamos un momento de silencio y que, en lo secreto del coraz\u00f3n, cada uno agradezca a Dios lo vivido y especialmente lo vivido aqu\u00ed en el colegio.<\/p>\n<\/blockquote>\n\n\n\n<figure class=\"wp-block-image size-full\"><img decoding=\"async\" src=\"data:image\/gif;base64,R0lGODlhAQABAAAAACH5BAEKAAEALAAAAAABAAEAAAICTAEAOw==\" data-orig-src=\"https:\/\/www.misionjapon.es\/wp-content\/uploads\/2023\/06\/armelar01.jpeg\" alt=\"\" class=\"lazyload wp-image-434\"\/><\/figure>\n","protected":false},"excerpt":{"rendered":"<p>Queridos misioneros. \u00a1Queda tan solo una semana para marchar a  [&#8230;]<\/p>\n","protected":false},"author":1,"featured_media":0,"comment_status":"open","ping_status":"open","sticky":false,"template":"","format":"standard","meta":{"_acf_changed":false,"_jetpack_memberships_contains_paid_content":false,"footnotes":"","jetpack_publicize_message":"","jetpack_publicize_feature_enabled":true,"jetpack_social_post_already_shared":true,"jetpack_social_options":{"image_generator_settings":{"template":"highway","default_image_id":0,"font":"","enabled":false},"version":2}},"categories":[7,13],"tags":[],"class_list":["post-433","post","type-post","status-publish","format-standard","hentry","category-espana","category-fotos"],"acf":[],"jetpack_publicize_connections":[],"jetpack_featured_media_url":"","jetpack_sharing_enabled":true,"_links":{"self":[{"href":"https:\/\/www.misionjapon.es\/index.php\/wp-json\/wp\/v2\/posts\/433","targetHints":{"allow":["GET"]}}],"collection":[{"href":"https:\/\/www.misionjapon.es\/index.php\/wp-json\/wp\/v2\/posts"}],"about":[{"href":"https:\/\/www.misionjapon.es\/index.php\/wp-json\/wp\/v2\/types\/post"}],"author":[{"embeddable":true,"href":"https:\/\/www.misionjapon.es\/index.php\/wp-json\/wp\/v2\/users\/1"}],"replies":[{"embeddable":true,"href":"https:\/\/www.misionjapon.es\/index.php\/wp-json\/wp\/v2\/comments?post=433"}],"version-history":[{"count":0,"href":"https:\/\/www.misionjapon.es\/index.php\/wp-json\/wp\/v2\/posts\/433\/revisions"}],"wp:attachment":[{"href":"https:\/\/www.misionjapon.es\/index.php\/wp-json\/wp\/v2\/media?parent=433"}],"wp:term":[{"taxonomy":"category","embeddable":true,"href":"https:\/\/www.misionjapon.es\/index.php\/wp-json\/wp\/v2\/categories?post=433"},{"taxonomy":"post_tag","embeddable":true,"href":"https:\/\/www.misionjapon.es\/index.php\/wp-json\/wp\/v2\/tags?post=433"}],"curies":[{"name":"wp","href":"https:\/\/api.w.org\/{rel}","templated":true}]}}