{"id":5199,"date":"2026-03-24T08:00:00","date_gmt":"2026-03-24T07:00:00","guid":{"rendered":"https:\/\/www.misionjapon.es\/?p=5199"},"modified":"2026-03-24T08:00:00","modified_gmt":"2026-03-24T07:00:00","slug":"martes-de-la-quinta-semana-de-cuaresma","status":"publish","type":"post","link":"https:\/\/www.misionjapon.es\/index.php\/2026\/03\/24\/martes-de-la-quinta-semana-de-cuaresma\/","title":{"rendered":"Martes de la Quinta Semana de Cuaresma"},"content":{"rendered":"<div class=\"reflection-container\">\n<div class=\"gospel-section\">\n<h3>Evangelio<\/h3>\n<p>De nuevo les dijo Jes\u00fas: \u00abYo me voy, y me buscar\u00e9is. Y morir\u00e9is en vuestro pecado. Adonde yo voy, vosotros no pod\u00e9is venir\u00bb. Por eso dec\u00edan los jud\u00edos: \u00ab\u00bfAcaso va a suicidarse, puesto que dice: \u201cAdonde yo voy, vosotros no pod\u00e9is venir\u201d?\u00bb. Y \u00e9l les dec\u00eda: \u00abVosotros sois de abajo; yo soy de arriba. Vosotros sois de este mundo; yo no soy de este mundo. Por eso os he dicho que morir\u00e9is en vuestros pecados. Porque si no cre\u00e9is que Yo Soy, morir\u00e9is en vuestro pecado\u00bb. Entonces le dec\u00edan: \u00ab\u00bfT\u00fa qui\u00e9n eres?\u00bb. Jes\u00fas les dijo: \u00abEl Principio, el mismo que os estoy hablando. Tengo mucho que decir y juzgar acerca de vosotros. Pero el que me ha enviado es veraz; y lo que yo he o\u00eddo de \u00e9l, esto hablo en el mundo\u00bb. Y no comprendieron que les hablaba de Dios, su Padre. Y as\u00ed Jes\u00fas les dijo: \u00abCuando hay\u00e1is levantado al Hijo del hombre, entonces comprender\u00e9is que Yo Soy, y que no hago nada por m\u00ed mismo, sino que hablo tal como el Padre me ha ense\u00f1ado. Y el que me ha enviado est\u00e1 conmigo, y no me ha dejado solo. Porque yo hago siempre lo que le agrada\u00bb. Al decir \u00e9l estas cosas, muchos creyeron en \u00e9l.<\/p>\n<\/div>\n<div class=\"reflection-section\">\n<h3>Reflexi\u00f3n<\/h3>\n<p>En este pasaje del Evangelio, Jes\u00fas revela con profunda claridad su \u00edntima uni\u00f3n con el Padre celestial, un misterio que desconcertaba a quienes escuchaban sus palabras. No se trata simplemente de una relaci\u00f3n humana, sino de una comuni\u00f3n divina que trasciende nuestro entendimiento limitado, donde Jes\u00fas act\u00faa y habla \u00fanicamente seg\u00fan la voluntad del Padre, mostrando una obediencia perfecta que es modelo para nuestra propia vida espiritual. Esta revelaci\u00f3n nos invita a reflexionar sobre nuestra propia conexi\u00f3n con lo divino, especialmente en un contexto como el de Jap\u00f3n, donde la b\u00fasqueda de armon\u00eda y trascendencia se manifiesta en tradiciones como el shinto\u00edsmo y el budismo, pero que en la fe cat\u00f3lica encuentra su plenitud en la relaci\u00f3n filial con Dios Padre. En nuestra vida diaria, podemos imitar esta intimidad divina cultivando la oraci\u00f3n constante y la escucha atenta de la voluntad de Dios, reconociendo que, como Jes\u00fas, estamos llamados a no actuar por nosotros mismos, sino en comuni\u00f3n con Aquel que nos envi\u00f3. Al hacerlo, descubrimos nuestra verdadera identidad y destino, superando el pecado que nos separa de la gloria eterna.<\/p>\n<\/p><\/div>\n<\/p><\/div>\n","protected":false},"excerpt":{"rendered":"<p>Evangelio De nuevo les dijo Jes\u00fas: \u00abYo me voy, y  [&#8230;]<\/p>\n","protected":false},"author":1,"featured_media":5198,"comment_status":"open","ping_status":"open","sticky":false,"template":"","format":"standard","meta":{"_acf_changed":false,"_jetpack_memberships_contains_paid_content":false,"footnotes":"","jetpack_publicize_message":"","jetpack_publicize_feature_enabled":true,"jetpack_social_post_already_shared":true,"jetpack_social_options":{"image_generator_settings":{"template":"highway","default_image_id":0,"font":"","enabled":false},"version":2}},"categories":[299],"tags":[],"class_list":["post-5199","post","type-post","status-publish","format-standard","has-post-thumbnail","hentry","category-reflexion-diaria"],"acf":[],"jetpack_publicize_connections":[],"jetpack_featured_media_url":"https:\/\/www.misionjapon.es\/wp-content\/uploads\/2026\/03\/reflection-2026-03-24-es.png","jetpack_sharing_enabled":true,"_links":{"self":[{"href":"https:\/\/www.misionjapon.es\/index.php\/wp-json\/wp\/v2\/posts\/5199","targetHints":{"allow":["GET"]}}],"collection":[{"href":"https:\/\/www.misionjapon.es\/index.php\/wp-json\/wp\/v2\/posts"}],"about":[{"href":"https:\/\/www.misionjapon.es\/index.php\/wp-json\/wp\/v2\/types\/post"}],"author":[{"embeddable":true,"href":"https:\/\/www.misionjapon.es\/index.php\/wp-json\/wp\/v2\/users\/1"}],"replies":[{"embeddable":true,"href":"https:\/\/www.misionjapon.es\/index.php\/wp-json\/wp\/v2\/comments?post=5199"}],"version-history":[{"count":1,"href":"https:\/\/www.misionjapon.es\/index.php\/wp-json\/wp\/v2\/posts\/5199\/revisions"}],"predecessor-version":[{"id":5200,"href":"https:\/\/www.misionjapon.es\/index.php\/wp-json\/wp\/v2\/posts\/5199\/revisions\/5200"}],"wp:featuredmedia":[{"embeddable":true,"href":"https:\/\/www.misionjapon.es\/index.php\/wp-json\/wp\/v2\/media\/5198"}],"wp:attachment":[{"href":"https:\/\/www.misionjapon.es\/index.php\/wp-json\/wp\/v2\/media?parent=5199"}],"wp:term":[{"taxonomy":"category","embeddable":true,"href":"https:\/\/www.misionjapon.es\/index.php\/wp-json\/wp\/v2\/categories?post=5199"},{"taxonomy":"post_tag","embeddable":true,"href":"https:\/\/www.misionjapon.es\/index.php\/wp-json\/wp\/v2\/tags?post=5199"}],"curies":[{"name":"wp","href":"https:\/\/api.w.org\/{rel}","templated":true}]}}