{"id":5211,"date":"2026-03-27T08:00:00","date_gmt":"2026-03-27T07:00:00","guid":{"rendered":"https:\/\/www.misionjapon.es\/?p=5211"},"modified":"2026-03-27T08:00:00","modified_gmt":"2026-03-27T07:00:00","slug":"viernes-de-la-quinta-semana-de-cuaresma","status":"publish","type":"post","link":"https:\/\/www.misionjapon.es\/index.php\/2026\/03\/27\/viernes-de-la-quinta-semana-de-cuaresma\/","title":{"rendered":"Viernes de la Quinta Semana de Cuaresma"},"content":{"rendered":"<div class=\"reflection-container\">\n<div class=\"gospel-section\">\n<h3>Evangelio<\/h3>\n<p>Entonces los jud\u00edos tomaron piedras para apedrearlo. Jes\u00fas les dijo: \u00abOs he mostrado muchas obras buenas de parte de mi Padre: \u00bfpor cu\u00e1l de ellas me apedre\u00e1is?\u00bb. Le respondieron los jud\u00edos: \u00abNo te apedreamos por una obra buena, sino por blasfemia; y porque t\u00fa, siendo hombre, te haces Dios\u00bb. Jes\u00fas les replic\u00f3: \u00ab\u00bfNo est\u00e1 escrito en vuestra Ley: \u201cYo dije: sois dioses\u201d? Si llam\u00f3 \u201cdioses\u201d a aquellos a quienes lleg\u00f3 la palabra de Dios, y la Escritura no puede ser anulada, \u00bfc\u00f3mo dec\u00eds del que el Padre consagr\u00f3 y envi\u00f3 al mundo: \u201cBlasfemas\u201d, porque dije: \u201cYo soy Hijo de Dios\u201d? Si no hago las obras de mi Padre, no me cre\u00e1is; pero si las hago, aunque no me cre\u00e1is a m\u00ed, creed a las obras, para que sep\u00e1is y conozc\u00e1is que el Padre est\u00e1 en m\u00ed y yo en el Padre\u00bb. Buscaron entonces prenderle, pero \u00e9l se les escap\u00f3 de las manos.<\/p>\n<p>Se fue de nuevo al otro lado del Jord\u00e1n, al lugar donde Juan hab\u00eda bautizado al principio, y se qued\u00f3 all\u00ed. Muchos acudieron a \u00e9l y dec\u00edan: \u00abEs verdad que Juan no hizo ning\u00fan signo; pero todo lo que Juan dijo de \u00e9ste era verdad\u00bb. Y muchos creyeron en \u00e9l all\u00ed.<\/p>\n<\/div>\n<div class=\"reflection-section\">\n<h3>Reflexi\u00f3n<\/h3>\n<p>En este Viernes de Cuaresma, el Evangelio nos presenta un di\u00e1logo tenso donde Jes\u00fas revela su \u00edntima comuni\u00f3n con el Padre, enfrentando el rechazo de quienes no pueden aceptar su divinidad. Mientras nos acercamos a la Semana Santa, esta escena nos invita a profundizar en c\u00f3mo nuestra propia identidad como hijos de Dios se afirma no en la aceptaci\u00f3n humana, sino en la fidelidad a la misi\u00f3n recibida. Jes\u00fas no se defiende con argumentos vac\u00edos, sino que apela a las obras que manifiestan la presencia del Padre, ense\u00f1\u00e1ndonos que el testimonio aut\u00e9ntico trasciende las palabras y se encarna en acciones que revelan amor. En la cultura de Jap\u00f3n, donde la armon\u00eda social y el respeto a la tradici\u00f3n son valores profundos, podemos encontrar un paralelo en c\u00f3mo los cristianos, siendo minor\u00eda, mantienen su fe con discreta perseverancia, transformando el posible rechazo en testimonio silencioso pero firme, como el monte Fuji que permanece inmutable ante las tormentas. Hoy, pidamos por quienes persiguen a Cristo en sus seguidores, y compromet\u00e1monos a vivir nuestra comuni\u00f3n con Dios con tal coherencia que nuestras obras hablen m\u00e1s fuerte que cualquier oposici\u00f3n, encontrando en la Cruz la fuerza para amar incluso a quienes nos rechazan.<\/p>\n<\/p><\/div>\n<\/p><\/div>\n","protected":false},"excerpt":{"rendered":"<p>Evangelio Entonces los jud\u00edos tomaron piedras para apedrearlo. Jes\u00fas les  [&#8230;]<\/p>\n","protected":false},"author":1,"featured_media":5210,"comment_status":"open","ping_status":"open","sticky":false,"template":"","format":"standard","meta":{"_acf_changed":false,"_jetpack_memberships_contains_paid_content":false,"footnotes":"","jetpack_publicize_message":"","jetpack_publicize_feature_enabled":true,"jetpack_social_post_already_shared":true,"jetpack_social_options":{"image_generator_settings":{"template":"highway","default_image_id":0,"font":"","enabled":false},"version":2}},"categories":[299],"tags":[],"class_list":["post-5211","post","type-post","status-publish","format-standard","has-post-thumbnail","hentry","category-reflexion-diaria"],"acf":[],"jetpack_publicize_connections":[],"jetpack_featured_media_url":"https:\/\/www.misionjapon.es\/wp-content\/uploads\/2026\/03\/reflection-2026-03-27-es.png","jetpack_sharing_enabled":true,"_links":{"self":[{"href":"https:\/\/www.misionjapon.es\/index.php\/wp-json\/wp\/v2\/posts\/5211","targetHints":{"allow":["GET"]}}],"collection":[{"href":"https:\/\/www.misionjapon.es\/index.php\/wp-json\/wp\/v2\/posts"}],"about":[{"href":"https:\/\/www.misionjapon.es\/index.php\/wp-json\/wp\/v2\/types\/post"}],"author":[{"embeddable":true,"href":"https:\/\/www.misionjapon.es\/index.php\/wp-json\/wp\/v2\/users\/1"}],"replies":[{"embeddable":true,"href":"https:\/\/www.misionjapon.es\/index.php\/wp-json\/wp\/v2\/comments?post=5211"}],"version-history":[{"count":1,"href":"https:\/\/www.misionjapon.es\/index.php\/wp-json\/wp\/v2\/posts\/5211\/revisions"}],"predecessor-version":[{"id":5212,"href":"https:\/\/www.misionjapon.es\/index.php\/wp-json\/wp\/v2\/posts\/5211\/revisions\/5212"}],"wp:featuredmedia":[{"embeddable":true,"href":"https:\/\/www.misionjapon.es\/index.php\/wp-json\/wp\/v2\/media\/5210"}],"wp:attachment":[{"href":"https:\/\/www.misionjapon.es\/index.php\/wp-json\/wp\/v2\/media?parent=5211"}],"wp:term":[{"taxonomy":"category","embeddable":true,"href":"https:\/\/www.misionjapon.es\/index.php\/wp-json\/wp\/v2\/categories?post=5211"},{"taxonomy":"post_tag","embeddable":true,"href":"https:\/\/www.misionjapon.es\/index.php\/wp-json\/wp\/v2\/tags?post=5211"}],"curies":[{"name":"wp","href":"https:\/\/api.w.org\/{rel}","templated":true}]}}