{"id":5242,"date":"2026-04-05T08:00:00","date_gmt":"2026-04-05T06:00:00","guid":{"rendered":"https:\/\/www.misionjapon.es\/?p=5242"},"modified":"2026-04-05T08:00:00","modified_gmt":"2026-04-05T06:00:00","slug":"domingo-de-pascua-dia-2","status":"publish","type":"post","link":"https:\/\/www.misionjapon.es\/index.php\/2026\/04\/05\/domingo-de-pascua-dia-2\/","title":{"rendered":"Domingo de Pascua \u2013 D\u00eda"},"content":{"rendered":"<div class=\"reflection-container\">\n<div class=\"gospel-section\">\n<h3>Evangelio<\/h3>\n<p>El primer d\u00eda de la semana, de madrugada, cuando todav\u00eda estaba oscuro, Mar\u00eda Magdalena fue al sepulcro y vio que la piedra hab\u00eda sido retirada del sepulcro. Entonces ech\u00f3 a correr y fue a Sim\u00f3n Pedro y al otro disc\u00edpulo, a quien Jes\u00fas amaba, y les dijo: \u00abSe han llevado del sepulcro al Se\u00f1or y no sabemos d\u00f3nde lo han puesto\u00bb. Salieron Pedro y el otro disc\u00edpulo camino del sepulcro. Corr\u00edan los dos juntos, pero el otro disc\u00edpulo corr\u00eda m\u00e1s que Pedro; lleg\u00f3 primero al sepulcro, y, asom\u00e1ndose, vio las vendas en el suelo, aunque no entr\u00f3. Lleg\u00f3 tambi\u00e9n Sim\u00f3n Pedro detr\u00e1s de \u00e9l; entr\u00f3 en el sepulcro y vio las vendas en el suelo y el sudario, que hab\u00eda estado sobre su cabeza, no con las vendas, sino enrollado aparte, en un sitio. Entonces entr\u00f3 tambi\u00e9n el otro disc\u00edpulo, el que hab\u00eda llegado primero al sepulcro; vio y crey\u00f3. Pues hasta entonces no hab\u00edan entendido la Escritura: que \u00e9l deb\u00eda resucitar de entre los muertos.<\/p>\n<\/div>\n<div class=\"reflection-section\">\n<h3>Reflexi\u00f3n<\/h3>\n<p>En este Domingo de Pascua, contemplamos a Mar\u00eda Magdalena acerc\u00e1ndose al sepulcro en la oscuridad de la madrugada, simbolizando c\u00f3mo a menudo nos acercamos a Dios en medio de nuestras propias tinieblas existenciales. La resurrecci\u00f3n de Cristo no es un simple evento hist\u00f3rico, sino la manifestaci\u00f3n suprema del amor divino que vence definitivamente la muerte, ofreci\u00e9ndonos una esperanza que trasciende toda limitaci\u00f3n humana y satisface nuestros anhelos m\u00e1s profundos de eternidad y plenitud. En la cultura de Jap\u00f3n, donde la contemplaci\u00f3n de la belleza ef\u00edmera del sakura ense\u00f1a sobre la transitoriedad de la vida, la resurrecci\u00f3n ofrece una perspectiva radicalmente distinta: la promesa de que la muerte no tiene la \u00faltima palabra, y que en Cristo encontramos una vida que no se marchita. Hoy, al celebrar este misterio central de nuestra fe, seamos como el disc\u00edpulo amado que &#8216;vio y crey\u00f3&#8217;, permitiendo que esta verdad transforme nuestra existencia diaria, llevando la luz de la resurrecci\u00f3n a cada rinc\u00f3n de nuestro mundo, especialmente a aquellos que, como Mar\u00eda Magdalena, buscan en la oscuridad.<\/p>\n<\/p><\/div>\n<\/p><\/div>\n","protected":false},"excerpt":{"rendered":"<p>Evangelio El primer d\u00eda de la semana, de madrugada, cuando  [&#8230;]<\/p>\n","protected":false},"author":1,"featured_media":5241,"comment_status":"open","ping_status":"open","sticky":false,"template":"","format":"standard","meta":{"_acf_changed":false,"_jetpack_memberships_contains_paid_content":false,"footnotes":"","jetpack_publicize_message":"","jetpack_publicize_feature_enabled":true,"jetpack_social_post_already_shared":true,"jetpack_social_options":{"image_generator_settings":{"template":"highway","default_image_id":0,"font":"","enabled":false},"version":2}},"categories":[299],"tags":[],"class_list":["post-5242","post","type-post","status-publish","format-standard","has-post-thumbnail","hentry","category-reflexion-diaria"],"acf":[],"jetpack_publicize_connections":[],"jetpack_featured_media_url":"https:\/\/www.misionjapon.es\/wp-content\/uploads\/2026\/04\/reflection-2026-04-05-es.png","jetpack_sharing_enabled":true,"_links":{"self":[{"href":"https:\/\/www.misionjapon.es\/index.php\/wp-json\/wp\/v2\/posts\/5242","targetHints":{"allow":["GET"]}}],"collection":[{"href":"https:\/\/www.misionjapon.es\/index.php\/wp-json\/wp\/v2\/posts"}],"about":[{"href":"https:\/\/www.misionjapon.es\/index.php\/wp-json\/wp\/v2\/types\/post"}],"author":[{"embeddable":true,"href":"https:\/\/www.misionjapon.es\/index.php\/wp-json\/wp\/v2\/users\/1"}],"replies":[{"embeddable":true,"href":"https:\/\/www.misionjapon.es\/index.php\/wp-json\/wp\/v2\/comments?post=5242"}],"version-history":[{"count":1,"href":"https:\/\/www.misionjapon.es\/index.php\/wp-json\/wp\/v2\/posts\/5242\/revisions"}],"predecessor-version":[{"id":5243,"href":"https:\/\/www.misionjapon.es\/index.php\/wp-json\/wp\/v2\/posts\/5242\/revisions\/5243"}],"wp:featuredmedia":[{"embeddable":true,"href":"https:\/\/www.misionjapon.es\/index.php\/wp-json\/wp\/v2\/media\/5241"}],"wp:attachment":[{"href":"https:\/\/www.misionjapon.es\/index.php\/wp-json\/wp\/v2\/media?parent=5242"}],"wp:term":[{"taxonomy":"category","embeddable":true,"href":"https:\/\/www.misionjapon.es\/index.php\/wp-json\/wp\/v2\/categories?post=5242"},{"taxonomy":"post_tag","embeddable":true,"href":"https:\/\/www.misionjapon.es\/index.php\/wp-json\/wp\/v2\/tags?post=5242"}],"curies":[{"name":"wp","href":"https:\/\/api.w.org\/{rel}","templated":true}]}}