{"id":654,"date":"2023-10-01T01:00:00","date_gmt":"2023-09-30T23:00:00","guid":{"rendered":"https:\/\/www.misionjapon.es\/?p=654"},"modified":"2023-10-01T14:11:19","modified_gmt":"2023-10-01T12:11:19","slug":"compartiendo-con-los-sacerdotes-y-monjas-ancianos","status":"publish","type":"post","link":"https:\/\/www.misionjapon.es\/index.php\/2023\/10\/01\/compartiendo-con-los-sacerdotes-y-monjas-ancianos\/","title":{"rendered":"Compartiendo con los sacerdotes y monjas ancianos"},"content":{"rendered":"\n<p>Queridos misioneros.<\/p>\n\n\n\n<p>Seguimos avanzando en estas vacaciones que comenc\u00e9 al terminar el primer nivel de japon\u00e9s y, para no perder el tiempo, quise hacer algo durante este tiempo que me ayudase a practicar el japon\u00e9s. As\u00ed que estoy viniendo de lunes a viernes a la residencia de sacerdotes y monjas ancianos.<\/p>\n\n\n\n<p>Ya voy haciendo amistad con ellos porque llevo viniendo dos semanas. He aprendido a hacer p\u00e1jaros con el papel. El \u201cOrigami\u201d es el arte de hacer cosas con el papel y que naci\u00f3 aqu\u00ed en Jap\u00f3n. Y he de decir que son muy ingeniosos en las cosas que hacen con el papel. Como el mes de agosto de 1945 fue el mes en el que Estados Unidos tir\u00f3 las dos bombas at\u00f3micas en Hiroshima y Nagasaki, no para de escucharse por todos lados cosas sobre la paz. Y tambi\u00e9n en las parroquias se organizan oraciones, talleres, misas, conferencias\u2026 sobre el tema de la paz. Y con estos p\u00e1jaros de papel hacen unas tiras largas de colores que cuelgan de las paredes y que simbolizan la paz.<\/p>\n\n\n\n<figure class=\"wp-block-image size-large\"><img class=\"lazyload\" decoding=\"async\" src=\"data:image\/gif;base64,R0lGODlhAQABAAAAACH5BAEKAAEALAAAAAABAAEAAAICTAEAOw==\" data-orig-src=\"https:\/\/onedrive.live.com\/embed?resid=D92CE75AB3EA399D%21365903&amp;authkey=%21APhAmOXRF8s1vdk&amp;width=1479&amp;height=1109\" alt=\"\"\/><\/figure>\n\n\n\n<p>Hay una monja con la que he hecho m\u00e1s amistad que se llama \u201cEndo\u201d, como el famoso escritor cat\u00f3lico japon\u00e9s Shusaku Endo. Aunque la amistad corre m\u00e1s de mi cuenta porque la mujer olvida todo lo que ha acontecido en los \u00faltimos 3 minutos. As\u00ed cada d\u00eda me toca presentarme de nuevo y contarle las mismas cosas d\u00eda tras d\u00eda. Pero eso me viene bien porque as\u00ed voy perfeccionando diferentes conversaciones que suelen ser m\u00e1s habituales como la presentaci\u00f3n, qui\u00e9n soy, qu\u00e9 hago, etc.<\/p>\n\n\n\n<p>Varios d\u00edas les he dado una clase de espa\u00f1ol b\u00e1sico para aprender palabras importantes y c\u00f3mo presentarse. Y tambi\u00e9n me hicieron que cantara con karaoke una canci\u00f3n espa\u00f1ola\u2026 y eleg\u00ed los \u201cClavelitos\u201d.<\/p>\n\n\n\n<figure class=\"wp-block-embed is-type-video is-provider-youtube wp-block-embed-youtube wp-embed-aspect-16-9 wp-has-aspect-ratio\"><div class=\"wp-block-embed__wrapper\">\n<div class=\"video-shortcode\"><iframe title=\"Cantando \u201cClavelitos\u201d con los ancianos de la casa Domus Gratiae\" width=\"1370\" height=\"771\" src=\"https:\/\/www.youtube.com\/embed\/Lf_Xkv4Z4Y8?feature=oembed\" frameborder=\"0\" allow=\"accelerometer; autoplay; clipboard-write; encrypted-media; gyroscope; picture-in-picture; web-share\" referrerpolicy=\"strict-origin-when-cross-origin\" allowfullscreen><\/iframe><\/div>\n<\/div><\/figure>\n\n\n\n<p>Hoy domingo ser\u00e1 el segundo domingo que celebro la misa en japon\u00e9s con las hermanas salesianas. Adem\u00e1s es 1 de octubre, d\u00eda de Santa Teresa de Lisieaux, que es patrona de las misiones. Pero adem\u00e1s, hoy 1 de octubre es tambi\u00e9n el d\u00eda de los beatos Gaspar Hikojiro y Andr\u00e9s Yoshida, que fueron dos cristianos catequistas de Nagasaki que en el siglo XVII, reci\u00e9n comenzada la persecuci\u00f3n a los cristianos, escond\u00edan a sacerdotes en sus casas para que no fuesen encarcelados. Pero finalmente fueron delatados y acabaron en la c\u00e1rcel de Nagasaki. Y al poco tiempo fueron llevados a una isla en la boca del puerto de Nagasaki donde fueron decapitados. El beato Andr\u00e9s Yoshida, antes de ser degollado, se quit\u00f3 una cruz que llevaba en el cuello y pidi\u00f3 que le fuese entregada al padre y beato Francisco de Morales, nacido en Madrid que tambi\u00e9n fue martirizado.<\/p>\n\n\n\n<p>Les leer\u00e9 a las monjas, al comienzo de la misa, una breve rese\u00f1a de la vida de estos dos beatos, porque creo que es muy bueno para los cristianos no olvidar la vida de sus santos y, especialmente, de sus santos m\u00e1rtires. Esto es algo que en Espa\u00f1a, desafortunadamente, no se suele hacer, pero all\u00ed podr\u00edamos estar cada d\u00eda al comienzo de la misa recordando el martirio de alg\u00fan cristiano espa\u00f1ol que muri\u00f3 por su fe en los a\u00f1os 30 del siglo pasado.<\/p>\n\n\n\n<p>Ahhhh se me olvidaba compartir con vosotros que el mi\u00e9rcoles de esta semana tuvimos la revisi\u00f3n m\u00e9dica anual que por ley tienen que hacer las empresas a sus trabajadores en Jap\u00f3n\u2026 y como \u201cempleados\u201d del obispado de Osaka, todos los curas pasamos por distintas pruebas. Fue como una gincana (o como se escriba) pero dificultada hasta el extremo por mi poco conocimiento de japon\u00e9s.<\/p>\n\n\n\n<p>Todo comenz\u00f3 varios d\u00edas antes del chequeo m\u00e9dico cuando recib\u00ed la informaci\u00f3n y tuve que rellenar los cuestionarios\u2026 como os podr\u00e9is imaginar, necesit\u00e9 que me ayudasen porque no entend\u00eda \u201cni papa\u201d.<\/p>\n\n\n\n<p>Pero lo m\u00e1s curioso lleg\u00f3 cuando tuve que desentra\u00f1ar el misterio de c\u00f3mo tomar las muestras para el an\u00e1lisis de heces. Fue entonces cuando me encontr\u00e9 con estos papeles.<\/p>\n\n\n\n<figure class=\"wp-block-image size-large\"><img class=\"lazyload\" decoding=\"async\" src=\"data:image\/gif;base64,R0lGODlhAQABAAAAACH5BAEKAAEALAAAAAABAAEAAAICTAEAOw==\" data-orig-src=\"https:\/\/onedrive.live.com\/embed?resid=D92CE75AB3EA399D%21366012&amp;authkey=%21AJb-nzJCKwxlVMc&amp;width=1024\" alt=\"\"\/><\/figure>\n\n\n\n<p>Echando un vistazo m\u00e1s de cerca al papel de color verde y naranja de la derecha descubr\u00ed una primera pista que me inquiet\u00f3\u2026 \u201c\u00bfQu\u00e9 significaba aquello realmente?\u201d\u2026 \u201c\u00bfQu\u00e9 se supon\u00eda que deb\u00eda hacer?\u201d. Os ense\u00f1o el detalle para continuar la investigaci\u00f3n.<\/p>\n\n\n\n<figure class=\"wp-block-image size-large\"><img class=\"lazyload\" decoding=\"async\" src=\"data:image\/gif;base64,R0lGODlhAQABAAAAACH5BAEKAAEALAAAAAABAAEAAAICTAEAOw==\" data-orig-src=\"https:\/\/onedrive.live.com\/embed?resid=D92CE75AB3EA399D%21366011&amp;authkey=%21AKJYpXz9HmQMP_g&amp;width=1024\" alt=\"\"\/><figcaption class=\"wp-element-caption\">Ciertamente una imagen vale m\u00e1s que mil palabras.<\/figcaption><\/figure>\n\n\n\n<p>A la vista del dibujo pens\u00e9: \u201cel se\u00f1or de la izquierda lo comprendo, es m\u00e1s, comparto su manera de proceder. Pero el se\u00f1or de la derecha\u2026 \u00bfqu\u00e9 hace? \u00bfEncima de qu\u00e9 est\u00e1 colocado?\u201c. Todo eran inc\u00f3gnitas que consegu\u00ed descifrar cuando descubr\u00ed que en el ba\u00f1o de las mujeres en la catedral hay v\u00e1teres pero tambi\u00e9n hay\u2026 \u00a1letrinas! Pues s\u00ed, en Jap\u00f3n todav\u00eda siguen usando letrinas, pero no como algo anacr\u00f3nico, sino como algo c\u00f3modo y muy utilizado por las mujeres. De hecho, los asi\u00e1ticos, desde peque\u00f1itos, aprenden a colocarse en esta posici\u00f3n como una posici\u00f3n de descanso, por eso puedes ver a muchos chinos en Madrid, colocados como el monigote de la imagen de la derecha, pero simplemente como postura de descanso, no porque vayan a hacer sus necesidades en medio de la calle.<\/p>\n\n\n\n<figure class=\"wp-block-image size-large\"><img class=\"lazyload\" decoding=\"async\" src=\"data:image\/gif;base64,R0lGODlhAQABAAAAACH5BAEKAAEALAAAAAABAAEAAAICTAEAOw==\" data-orig-src=\"https:\/\/onedrive.live.com\/embed?resid=D92CE75AB3EA399D%21366015&amp;authkey=%21AKd5nhrPjvC1GZ4&amp;width=1024\" alt=\"\"\/><figcaption class=\"wp-element-caption\">Ba\u00f1o de las mujeres de la catedral. Todo iba cobrando sentido.<\/figcaption><\/figure>\n\n\n\n<p>Todo iba cobrando sentido y segu\u00eda dando pasos en el chequeo m\u00e9dico hasta que lleg\u00f3 el gran d\u00eda y, entre todas las pruebas, vamos a describir quiz\u00e1 la m\u00e1s curiosa. Le llaman \u201cVarium\u201d por el nombre de lo que te tienes que tomar. De hecho yo pens\u00e9 que quiz\u00e1 tendr\u00eda que ver algo con el \u201cValium\u201d espa\u00f1ol, pero estaba equivocado. Resulta que tienes que quitarte la ropa y quedarte en ropa interior. Luego te tienes que meter en la boca unas bolitas \u00e1cidas desagradables. Pero cuando piensas que eso ser\u00e1 todo, te dan un vaso con un l\u00edquido blanco que literalmente parece pintura para la pared y tiene la misma consistencia espesa. Te lo bebes y as\u00ed las bolitas \u00e1cidas van al est\u00f3mago junto con la pintura blanca, para encalar las paredes de la tripa y del intestino. Hecho esto te colocan en una camilla movible que va dando vueltas como si estuvieras en una atracci\u00f3n de la feria. Lo malo es que vas notando como la pintura va recorriendo las paredes del est\u00f3mago y va blanqueando toda mi vida interior. He de decir que nunca en la vida me hab\u00eda sentido tan blanco dentro de m\u00ed\u2026 fue una nueva experiencia que gracias a Dios solo tendr\u00e9 que pasar una vez al a\u00f1o.<\/p>\n\n\n\n<p>Bueno misioneros\u2026 hoy ha habido de todo un \u201cmoco\u201d. Pero todo forma parte de la misi\u00f3n.<\/p>\n\n\n\n<p>Un fuerte abrazo y hasta la semana que viene.<\/p>\n","protected":false},"excerpt":{"rendered":"<p>Queridos misioneros. Seguimos avanzando en estas vacaciones que comenc\u00e9 al  [&#8230;]<\/p>\n","protected":false},"author":1,"featured_media":0,"comment_status":"open","ping_status":"open","sticky":false,"template":"","format":"standard","meta":{"_acf_changed":false,"_jetpack_memberships_contains_paid_content":false,"footnotes":"","jetpack_publicize_message":"","jetpack_publicize_feature_enabled":true,"jetpack_social_post_already_shared":true,"jetpack_social_options":{"image_generator_settings":{"template":"highway","default_image_id":0,"font":"","enabled":false},"version":2}},"categories":[15,13,11],"tags":[],"class_list":["post-654","post","type-post","status-publish","format-standard","hentry","category-cultura","category-fotos","category-osaka"],"acf":[],"jetpack_publicize_connections":[],"jetpack_featured_media_url":"","jetpack_sharing_enabled":true,"_links":{"self":[{"href":"https:\/\/www.misionjapon.es\/index.php\/wp-json\/wp\/v2\/posts\/654","targetHints":{"allow":["GET"]}}],"collection":[{"href":"https:\/\/www.misionjapon.es\/index.php\/wp-json\/wp\/v2\/posts"}],"about":[{"href":"https:\/\/www.misionjapon.es\/index.php\/wp-json\/wp\/v2\/types\/post"}],"author":[{"embeddable":true,"href":"https:\/\/www.misionjapon.es\/index.php\/wp-json\/wp\/v2\/users\/1"}],"replies":[{"embeddable":true,"href":"https:\/\/www.misionjapon.es\/index.php\/wp-json\/wp\/v2\/comments?post=654"}],"version-history":[{"count":0,"href":"https:\/\/www.misionjapon.es\/index.php\/wp-json\/wp\/v2\/posts\/654\/revisions"}],"wp:attachment":[{"href":"https:\/\/www.misionjapon.es\/index.php\/wp-json\/wp\/v2\/media?parent=654"}],"wp:term":[{"taxonomy":"category","embeddable":true,"href":"https:\/\/www.misionjapon.es\/index.php\/wp-json\/wp\/v2\/categories?post=654"},{"taxonomy":"post_tag","embeddable":true,"href":"https:\/\/www.misionjapon.es\/index.php\/wp-json\/wp\/v2\/tags?post=654"}],"curies":[{"name":"wp","href":"https:\/\/api.w.org\/{rel}","templated":true}]}}